{"id":2791,"date":"2023-05-03T09:03:07","date_gmt":"2023-05-03T09:03:07","guid":{"rendered":"https:\/\/help.aliteo.com\/?p=2791"},"modified":"2026-02-16T10:56:50","modified_gmt":"2026-02-16T10:56:50","slug":"zobrazenie-upozornenie-a-pracovna-doba","status":"publish","type":"post","link":"https:\/\/help.aliteo.com\/sk\/zobrazenie-upozornenie-a-pracovna-doba\/","title":{"rendered":"Zobrazenie, upozornenie a\u202fpracovn\u00e1 doba\u00a0"},"content":{"rendered":"\r\n\r\nV z\u00e1lo\u017eke <strong>Nastavenie kalend\u00e1ra<\/strong> n\u00e1jdeme nieko\u013eko mo\u017enost\u00ed s\u00favisiacimi s pr\u00e1cou v kalend\u00e1ri v aplik\u00e1cii ALITEO.\r\n\r\n\r\n\r\n<strong>Medzi v\u0161eobecn\u00e9 nastavenie patr\u00ed:<\/strong>\r\n\r\n\r\n<ul class=\"wp-block-list\">\r\n \t<li><strong>Predvolen\u00e9 zobrazenie kalend\u00e1ra<\/strong> \u2013 t\u00fdmto nastaven\u00edm hovor\u00edme, ak\u00fd re\u017eim zobrazenia kalend\u00e1ra <a href=\"https:\/\/help.aliteo.com\/sk\/co-obsahuje-kalendar\/\">(\u010co obsahuje kalend\u00e1r)<\/a> m\u00e1 by\u0165 nastaven\u00fd ke\u010f do\u0148 vst\u00fapime.<\/li>\r\n\r\n \t<li>Predvolen\u00e9 upozornenie v min\u00fatach \u2013 ide o hodnotu ktor\u00e1 sa nastavuje v pr\u00edpade \u017ee vytv\u00e1rame nov\u00fa udalos\u0165 <a href=\"https:\/\/help.aliteo.com\/sk\/ako-vytvorime-novu-udalost\/\">(Ako vytvor\u00edme nov\u00fa udalos\u0165).<\/a><\/li>\r\n\r\n \t<li><strong>Za\u010diatok a koniec pracovnej doby<\/strong> \u2013 sl\u00fa\u017eia na vizu\u00e1lne oddelenie pracovnej doby od vo\u013en\u00e9ho \u010dasu. Toto nastavenie z\u00e1rove\u0148 ovplyv\u0148uje narolovanie kalend\u00e1ra na za\u010diatok pracovnej doby.<\/li>\r\n \t<li><strong>Pl\u00e1novanie kapacity<\/strong> \u2013 umo\u017e\u0148uje podrobnej\u0161ie \u0161pecifikova\u0165 vlastnosti pr\u00e1va \"Pl\u00e1nova\u010d kapacity\". Podrobnej\u0161\u00ed popis tohto pr\u00e1va n\u00e1jdete <a href=\"https:\/\/help.aliteo.com\/sk\/sprava-uzivatela\/\">tu<\/a>.<\/li>\r\n<\/ul>\r\n","protected":false},"excerpt":{"rendered":"<p>V z\u00e1lo\u017eke Nastavenie kalend\u00e1ra n\u00e1jdeme nieko\u013eko mo\u017enost\u00ed s\u00favisiacimi s pr\u00e1cou v kalend\u00e1ri v aplik\u00e1cii ALITEO. Medzi v\u0161eobecn\u00e9 nastavenie patr\u00ed:<\/p>\n","protected":false},"author":2,"featured_media":0,"comment_status":"open","ping_status":"open","sticky":false,"template":"","format":"standard","meta":{"inline_featured_image":false,"footnotes":""},"categories":[92],"tags":[],"class_list":["post-2791","post","type-post","status-publish","format-standard","hentry","category-kalendar-uzivatela"],"acf":[],"_links":{"self":[{"href":"https:\/\/help.aliteo.com\/sk\/wp-json\/wp\/v2\/posts\/2791","targetHints":{"allow":["GET"]}}],"collection":[{"href":"https:\/\/help.aliteo.com\/sk\/wp-json\/wp\/v2\/posts"}],"about":[{"href":"https:\/\/help.aliteo.com\/sk\/wp-json\/wp\/v2\/types\/post"}],"author":[{"embeddable":true,"href":"https:\/\/help.aliteo.com\/sk\/wp-json\/wp\/v2\/users\/2"}],"replies":[{"embeddable":true,"href":"https:\/\/help.aliteo.com\/sk\/wp-json\/wp\/v2\/comments?post=2791"}],"version-history":[{"count":1,"href":"https:\/\/help.aliteo.com\/sk\/wp-json\/wp\/v2\/posts\/2791\/revisions"}],"predecessor-version":[{"id":2792,"href":"https:\/\/help.aliteo.com\/sk\/wp-json\/wp\/v2\/posts\/2791\/revisions\/2792"}],"wp:attachment":[{"href":"https:\/\/help.aliteo.com\/sk\/wp-json\/wp\/v2\/media?parent=2791"}],"wp:term":[{"taxonomy":"category","embeddable":true,"href":"https:\/\/help.aliteo.com\/sk\/wp-json\/wp\/v2\/categories?post=2791"},{"taxonomy":"post_tag","embeddable":true,"href":"https:\/\/help.aliteo.com\/sk\/wp-json\/wp\/v2\/tags?post=2791"}],"curies":[{"name":"wp","href":"https:\/\/api.w.org\/{rel}","templated":true}]}}